{"id":135,"date":"2019-01-12T15:45:43","date_gmt":"2019-01-12T15:45:43","guid":{"rendered":"https:\/\/doutorsantoandre.com.br\/odontologia\/?p=135"},"modified":"2019-03-29T19:50:27","modified_gmt":"2019-03-29T19:50:27","slug":"quais-sao-os-problemas-nos-dentes-mais-comuns-de-acordo-com-a-idade","status":"publish","type":"post","link":"https:\/\/doutorsantoandre.com.br\/odontologia\/2019\/01\/12\/quais-sao-os-problemas-nos-dentes-mais-comuns-de-acordo-com-a-idade\/","title":{"rendered":"QUAIS S\u00c3O OS PROBLEMAS NOS DENTES MAIS COMUNS DE ACORDO COM A IDADE?"},"content":{"rendered":"\n<p class=\"has-text-color has-cyan-bluish-gray-color\">Tempo de leitura&nbsp;6&nbsp;min<\/p>\n\n\n\n<p>Embora problemas nos dentes sejam comuns em todas as fases da vida, eles podem variar de acordo com a faixa et\u00e1ria do paciente. Mesmo as crian\u00e7as podem ter doen\u00e7as bucais graves \u2014&nbsp;que podem levar&nbsp;\u00e0 perda dent\u00e1ria, se n\u00e3o for realizado o tratamento adequado.<\/p>\n\n\n\n<p>Por isso, \u00e9 importante manter a higiene bucal em dia e visitar o dentista periodicamente desde cedo. Esses dois h\u00e1bitos, na realidade, s\u00e3o as melhores formas de garantir&nbsp;dentes bonitos&nbsp;e saud\u00e1veis por toda a vida.<\/p>\n\n\n\n<p>Neste post, vamos explicar quais os problemas de sa\u00fade bucal mais comuns de acordo com a faixa et\u00e1ria dos pacientes. Acompanhe!<\/p>\n\n\n\n<h2 class=\"wp-block-heading\">Problemas dent\u00e1rios mais comuns em crian\u00e7as<\/h2>\n\n\n\n<p>Um transtorno&nbsp;muito comum em crian\u00e7as s\u00e3o os problemas na mordida. Isso ocorre, na maioria das vezes,&nbsp;pelo uso prolongado da chupeta e mamadeiras, respira\u00e7\u00e3o bucal, postura inadequada da l\u00edngua durante o sono ou degluti\u00e7\u00e3o ou pelo h\u00e1bito de chupar os dedos, o que \u00e9 bastante comum em crian\u00e7as pequenas.<\/p>\n\n\n\n<p>A perda precoce dos dentes de leite tamb\u00e9m \u00e9 outro problema comum em crian\u00e7as, visto que elas tamb\u00e9m podem desenvolver c\u00e1ries pelo consumo excessivo de a\u00e7\u00facar aliado a uma m\u00e1 higiene bucal. Mas o contr\u00e1rio tamb\u00e9m pode acontecer \u2014 os dentes de leite podem demorar muito a cair.<\/p>\n\n\n\n<p>Quando isso acontece, o processo de nascimento dos dentes permanentes \u00e9 prejudicado. Por isso, ao perceber que os dentes de leite est\u00e3o demorando muito a cair, \u00e9 necess\u00e1rio procurar um dentista.<\/p>\n\n\n\n<h2 class=\"wp-block-heading\">Problemas dent\u00e1rios mais comuns em adolescentes<\/h2>\n\n\n\n<p>O ac\u00famulo de placa bacteriana \u00e9 bastante comum em adolescentes quando a higiene bucal n\u00e3o \u00e9 feita de forma adequada. A placa \u00e9 uma camada viscosa e incolor, formada por bact\u00e9rias e restos alimentares presentes na boca.<\/p>\n\n\n\n<p>Ela,&nbsp;por si s\u00f3, n\u00e3o causa nenhum dano, mas quando&nbsp;n\u00e3o \u00e9 removida, se transforma em t\u00e1rtaro \u2014 uma camada espessa e dura, que n\u00e3o sai somente com a escova\u00e7\u00e3o. O t\u00e1rtaro \u00e9 o principal causador das c\u00e1ries e doen\u00e7as nas gengivas.<\/p>\n\n\n\n<p>Dentes desalinhados tamb\u00e9m s\u00e3o um problema muito comum na adolesc\u00eancia e, caso o jovem n\u00e3o fa\u00e7a uso do&nbsp;aparelho ortod\u00f4ntico, ele poder\u00e1 ter outras complica\u00e7\u00f5es,&nbsp;como dores, incid\u00eancia de c\u00e1ries, problemas nas gengivas e,&nbsp;at\u00e9 mesmo, perda dent\u00e1ria.<\/p>\n\n\n\n<p>O&nbsp;nascimento dos sisos&nbsp;ocorre no final da adolesc\u00eancia e pode trazer transtornos para o paciente, principalmente quando n\u00e3o h\u00e1 espa\u00e7o para que os novos dentes apontem&nbsp;na boca. Mas,&nbsp;nesses casos, basta que o jovem v\u00e1 ao dentista para fazer a extra\u00e7\u00e3o dos dentes que estiverem causando inc\u00f4modo.<\/p>\n\n\n\n<h2 class=\"wp-block-heading\">Problemas dent\u00e1rios mais comuns&nbsp;na idade adulta<\/h2>\n\n\n\n<p>Quando os pacientes chegam na idade adulta, problemas como c\u00e1ries e doen\u00e7as nas gengivas ainda persistem. No entanto, nessa fase da vida, os problemas s\u00e3o mais s\u00e9rios, pois como o restante do organismo, os dentes tamb\u00e9m envelhecem e se tornam mais fr\u00e1geis.<\/p>\n\n\n\n<p>Nessa fase, as c\u00e1ries se tornam mais recorrentes e, caso n\u00e3o haja tratamento adequado, o canal \u00e9 necess\u00e1rio. Al\u00e9m disso, a gengivite \u00e9 mais comum&nbsp;do que em pessoas mais jovens \u2014 e&nbsp;quando ela n\u00e3o \u00e9 tratada,&nbsp;evolui para periodontite&nbsp;que,&nbsp;por sua vez,&nbsp;\u00e9 uma doen\u00e7a grave, que atinge tanto tecidos quanto os ossos alveolares (respons\u00e1veis pela sustenta\u00e7\u00e3o dos dentes).<\/p>\n\n\n\n<p>Quando n\u00e3o tratada a tempo, a periodontite leva \u00e0 perda dent\u00e1ria e, em casos mais extremos, as bact\u00e9rias presentes na inflama\u00e7\u00e3o podem cair na corrente sangu\u00ednea, ocasionando doen\u00e7as sist\u00eamicas, inclusive problemas card\u00edacos.<\/p>\n\n\n\n<p>O&nbsp;bruxismo&nbsp;\u00e9 outro problema comum em pessoas adultas, pois uma das principais causas da doen\u00e7a \u00e9 o estresse. A doen\u00e7a se caracteriza pelo fato de a pessoa ranger os dentes \u00e0 noite. Caso o bruxismo n\u00e3o seja tratado, ele leva o paciente a ter s\u00e9rias dores de cabe\u00e7a, nos maxilares,&nbsp; zumbido nos ouvidos, desgaste dent\u00e1rio e,&nbsp;consequentemente, perda dos dentes.<\/p>\n\n\n\n<h2 class=\"wp-block-heading\">Problemas dent\u00e1rios mais comuns&nbsp;em idosos<\/h2>\n\n\n\n<p>Essa \u00e9 a fase da vida em que os problemas dent\u00e1rios s\u00e3o mais acentuados, pois nessa idade, o sistema imunol\u00f3gico das pessoas \u00e9 bastante sens\u00edvel \u2014&nbsp;principalmente no caso de pacientes portadores de doen\u00e7as como diabetes, hipertens\u00e3o e doen\u00e7as cardiovasculares.<\/p>\n\n\n\n<p>Outro problema bastante comum em idosos \u00e9 a retra\u00e7\u00e3o gengival, o que causa uma exposi\u00e7\u00e3o da raiz dent\u00e1ria. Como a raiz do dente fica exposta, h\u00e1 uma sensibilidade maior quando a pessoa ingere alimentos quentes ou gelados.&nbsp;<\/p>\n\n\n\n<p>A xerostomia (ou&nbsp;boca seca)&nbsp;tamb\u00e9m \u00e9 bem recorrente em pessoas idosas. Isso acontece devido \u00e0 diminui\u00e7\u00e3o da produ\u00e7\u00e3o de saliva pelo organismo. A boca seca \u00e9 causada pelo uso de determinados medicamentos ou a presen\u00e7a de doen\u00e7as como diabetes,&nbsp;mal de Parkinson, HIV\/AIDS e tratamentos para c\u00e2ncer, como radioterapia.<\/p>\n\n\n\n<p>Al\u00e9m disso, com o avan\u00e7o da idade, nem sempre o corpo humano recebe a quantidade de vitaminas essenciais para o bom funcionamento do organismo. Essa defici\u00eancia \u00e9 extremamente prejudicial \u00e0 sa\u00fade dos dentes e gengivas.<\/p>\n\n\n\n<h2 class=\"wp-block-heading\">Como manter dentes bonitos e saud\u00e1veis em todas as fases da vida<\/h2>\n\n\n\n<p>O melhor tratamento para todos os tipos de problemas dent\u00e1rios \u00e9 a preven\u00e7\u00e3o. Por isso, \u00e9 importante&nbsp;escovar os dentes&nbsp;sempre ap\u00f3s as refei\u00e7\u00f5es e passar o fio dental pelo menos uma vez ao dia. Al\u00e9m disso, ir ao dentista de 6 em 6 meses \u00e9 essencial para que o profissional identifique precocemente doen\u00e7as bucais.<\/p>\n\n\n\n<p>Mesmo as crian\u00e7as devem come\u00e7ar a consultar desde cedo, pois&nbsp;o acompanhamento do dentista desde a inf\u00e2ncia pode evitar que os pequenos tenham doen\u00e7as bucais. A preven\u00e7\u00e3o, inclusive, evita,&nbsp;em muitos casos, que o&nbsp;aparelho dent\u00e1rio&nbsp;seja necess\u00e1rio na adolesc\u00eancia ou fase adulta.<\/p>\n\n\n\n<p>O ideal \u00e9 que as crian\u00e7as j\u00e1 comecem a ir ao dentista logo nos primeiros meses de vida, logo quando aparecem os primeiros dentinhos.<\/p>\n\n\n\n<p>No mais, durante as consultas de rotina, o profissional&nbsp;realiza a profilaxia dent\u00e1ria \u2014 procedimento que remove a placa bacteriana e o t\u00e1rtaro nos dentes \u2014,&nbsp;o que evita o aparecimento de c\u00e1ries e doen\u00e7as gengivais.&nbsp;<\/p>\n\n\n\n<p>Embora problemas nos dentes possam ocorrer mesmo com uma boa higiene bucal e constantes idas ao dentista, na maior parte dos casos, eles podem ser evitados. Ao contr\u00e1rio do que muitos pensam, \u00e9 perfeitamente poss\u00edvel ter um sorriso bonito e saud\u00e1vel por toda a vida, desde que os cuidados com a sa\u00fade bucal sejam adotados a partir da&nbsp;inf\u00e2ncia.<\/p>\n\n\n\n<p>Essas informa\u00e7\u00f5es foram \u00fateis para voc\u00ea entender quais s\u00e3o as doen\u00e7as bucais mais comuns em todas as fases&nbsp;da vida? Ent\u00e3o, compartilhe com seus amigos em suas redes sociais, pois o conte\u00fado pode ser \u00fatil para&nbsp;eles tamb\u00e9m!<a target=\"_blank\" href=\"https:\/\/www.facebook.com\/sharer\/sharer.php?u=https:\/\/blog.odontocompany.com\/quais-sao-os-problemas-nos-dentes-mais-comuns-de-acordo-com-a-idade\/\" rel=\"noreferrer noopener\"><\/a><br><\/p>\n","protected":false},"excerpt":{"rendered":"<p>Tempo de leitura&nbsp;6&nbsp;min Embora problemas nos dentes sejam comuns em todas as fases da vida, eles podem variar de acordo com a faixa et\u00e1ria do paciente. Mesmo as crian\u00e7as podem ter doen\u00e7as bucais graves \u2014&nbsp;que podem levar&nbsp;\u00e0 perda dent\u00e1ria, se n\u00e3o for realizado o tratamento adequado. Por isso, \u00e9 importante manter a higiene bucal em [&hellip;]<\/p>\n","protected":false},"author":1,"featured_media":1401,"comment_status":"closed","ping_status":"closed","sticky":false,"template":"","format":"standard","meta":{"footnotes":""},"categories":[4],"tags":[],"class_list":["post-135","post","type-post","status-publish","format-standard","has-post-thumbnail","hentry","category-odontologia"],"_links":{"self":[{"href":"https:\/\/doutorsantoandre.com.br\/odontologia\/wp-json\/wp\/v2\/posts\/135","targetHints":{"allow":["GET"]}}],"collection":[{"href":"https:\/\/doutorsantoandre.com.br\/odontologia\/wp-json\/wp\/v2\/posts"}],"about":[{"href":"https:\/\/doutorsantoandre.com.br\/odontologia\/wp-json\/wp\/v2\/types\/post"}],"author":[{"embeddable":true,"href":"https:\/\/doutorsantoandre.com.br\/odontologia\/wp-json\/wp\/v2\/users\/1"}],"replies":[{"embeddable":true,"href":"https:\/\/doutorsantoandre.com.br\/odontologia\/wp-json\/wp\/v2\/comments?post=135"}],"version-history":[{"count":2,"href":"https:\/\/doutorsantoandre.com.br\/odontologia\/wp-json\/wp\/v2\/posts\/135\/revisions"}],"predecessor-version":[{"id":465,"href":"https:\/\/doutorsantoandre.com.br\/odontologia\/wp-json\/wp\/v2\/posts\/135\/revisions\/465"}],"wp:featuredmedia":[{"embeddable":true,"href":"https:\/\/doutorsantoandre.com.br\/odontologia\/wp-json\/wp\/v2\/media\/1401"}],"wp:attachment":[{"href":"https:\/\/doutorsantoandre.com.br\/odontologia\/wp-json\/wp\/v2\/media?parent=135"}],"wp:term":[{"taxonomy":"category","embeddable":true,"href":"https:\/\/doutorsantoandre.com.br\/odontologia\/wp-json\/wp\/v2\/categories?post=135"},{"taxonomy":"post_tag","embeddable":true,"href":"https:\/\/doutorsantoandre.com.br\/odontologia\/wp-json\/wp\/v2\/tags?post=135"}],"curies":[{"name":"wp","href":"https:\/\/api.w.org\/{rel}","templated":true}]}}